{"id":4257,"date":"2019-04-08T09:44:06","date_gmt":"2019-04-08T08:44:06","guid":{"rendered":"https:\/\/zoofizjoterapia.edu.pl\/?p=4257"},"modified":"2019-04-08T09:44:06","modified_gmt":"2019-04-08T08:44:06","slug":"seminarium-neuro-rehabilitacja-funkcjonalna-4-7-lipca-2019-wroclaw","status":"publish","type":"post","link":"http:\/\/new.zoofizjoterapia.edu.pl\/index.php\/2019\/04\/08\/seminarium-neuro-rehabilitacja-funkcjonalna-4-7-lipca-2019-wroclaw\/","title":{"rendered":"Seminarium Neuro-Rehabilitacja Funkcjonalna 4-7 lipca 2019 Wroc\u0142aw"},"content":{"rendered":"<p>&nbsp;<\/p>\n<p><strong><img loading=\"lazy\" decoding=\"async\" class=\"aligncenter size-full wp-image-4258\" src=\"https:\/\/zoofizjoterapia.edu.pl\/wp-content\/uploads\/2019\/04\/seminarium.jpg\" alt=\"\" width=\"869\" height=\"1229\" \/><\/strong><\/p>\n<p><strong>Neuro-Rehabilitacja Funkcjonalna vol. 3, nowy program!<\/strong><\/p>\n<p><strong>Seminarium dla Zoofizjoterapeut\u00f3w (4-7 lipca, Wroc\u0142aw)<\/strong><\/p>\n<p><strong>Termin:\u00a0<\/strong>4-7 lipca 2019<\/p>\n<p><strong>Miejsce:\u00a0<\/strong>Hotel Novotel Wroc\u0142aw City, ul. Wy\u015bcigowa 35, Wroc\u0142aw<\/p>\n<p><a href=\"https:\/\/www.accorhotels.com\/pl\/hotel-0528-novotel-wroclaw-city\/index.shtml\">https:\/\/www.accorhotels.com\/pl\/hotel-0528-novotel-wroclaw-city\/index.shtml<\/a><\/p>\n<p>Uwaga!!! Dla uczestnik\u00f3w szkolenia specjalne zni\u017cki na noclegi \u2013 prosimy powo\u0142a\u0107 si\u0119 na Studium przy dokonywaniu rezerwacji w hotelu<\/p>\n<p><strong>Prowadz\u0105cy:\u00a0\u00c2ngela Martins, DVM, CCRP, dyrektor szpitala klinicznego weterynaryjnego Arr\u00e1bida i pierwszego weterynaryjnego centrum rehabilitacji funkcjonalnej (CRAA) w Portugalii.\u00a0<\/strong>Absolwentka podyplomowych studi\u00f3w z zakresu: medycyna ratunkowa, ortopedia, neurologia, onkologia i anestezjologia, operacje jamy brzusznej, chirurgia rekonstrukcyjna i leczenie b\u00f3lu.<\/p>\n<p><strong>Harmonogram Seminarium:<\/strong><\/p>\n<p><strong>Czwartek 4 lipca<\/strong><\/p>\n<table>\n<tbody>\n<tr>\n<td width=\"113\"><strong>10.00 \u2013 11.30<\/strong><\/td>\n<td width=\"491\">NeuroRehabilitacja Funkcjonalna \u2013 Podstawowe za\u0142o\u017cenia, zastosowanie Badanie na potrzeby NeuroRehabilitacji Funkcjonalnej<\/td>\n<\/tr>\n<tr>\n<td width=\"113\"><strong>11.30 \u2013 12.00<\/strong><\/td>\n<td width=\"491\">Przerwa kawowa<\/td>\n<\/tr>\n<tr>\n<td width=\"113\"><strong>12.00 \u2013 13.30 <\/strong><\/td>\n<td width=\"491\">Trening lokomotoryczny<\/td>\n<\/tr>\n<tr>\n<td width=\"113\"><strong>13.30 \u2013 14.30 <\/strong><\/td>\n<td width=\"491\">Lunch<\/td>\n<\/tr>\n<tr>\n<td width=\"113\"><strong>14.30 \u2013 15.30 <\/strong><\/td>\n<td width=\"491\">Pacjent z paraplegi\u0105 \u2013 co mo\u017cna zrobi\u0107, aby poprawi\u0107 jego funkcjonowanie?!<\/td>\n<\/tr>\n<tr>\n<td width=\"113\"><strong>15.30 \u2013 16.00 <\/strong><\/td>\n<td width=\"491\">Przerwa kawowa<\/td>\n<\/tr>\n<tr>\n<td width=\"113\"><strong>16.00 \u2013 18.30<\/strong><\/td>\n<td width=\"491\">Choroby o typie g\u00f3rnego motoneuronu (GNR) i dolnego (DNR) \u2013 co mo\u017cna zrobi\u0107?!<\/td>\n<\/tr>\n<\/tbody>\n<\/table>\n<p>&nbsp;<\/p>\n<p><strong>Pi\u0105tek 5 lipca<\/strong><\/p>\n<table>\n<tbody>\n<tr>\n<td width=\"113\"><strong>9.00 \u2013 10.00<\/strong><\/td>\n<td width=\"491\">Metody terapeutyczne wspieraj\u0105ce reorganizacj\u0119 neuronaln\u0105<\/td>\n<\/tr>\n<tr>\n<td width=\"113\"><strong>10.0\u00a0\u00a0 <\/strong><strong>\u2013 11.30 <\/strong><\/td>\n<td width=\"491\">Funkcjonalna Elektryczna Stymulacja (FES)<\/p>\n<p>Przezsk\u00f3rna Elektryczna Stymulacja Rdzenia<\/p>\n<p>Przezczaszkowa Bezpo\u015brednia Stymulacja Rdzenia<\/td>\n<\/tr>\n<tr>\n<td width=\"113\"><strong>11.30 \u2013 12.00 <\/strong><\/td>\n<td width=\"491\">Przerwa kawowa<\/td>\n<\/tr>\n<tr>\n<td width=\"113\"><strong>12.00 \u2013 13.30 <\/strong><\/td>\n<td width=\"491\">Spastyczno\u015b\u0107 \u2013 dlaczego jest tak skomplikowana?<\/td>\n<\/tr>\n<tr>\n<td width=\"113\"><strong>13.30 \u2013 14.30 <\/strong><\/td>\n<td width=\"491\">Lunch<\/td>\n<\/tr>\n<tr>\n<td width=\"113\"><strong>14.30 \u2013 15.30 <\/strong><\/td>\n<td width=\"491\">Pacjenci w stopniu 0 w skali niedow\u0142adu \u2013 oto wyzwanie!<\/td>\n<\/tr>\n<tr>\n<td width=\"113\"><strong>15.30 \u2013 16.00<\/strong><\/td>\n<td width=\"491\">Przypadki kliniczne i \u0107wiczenia intensywnego programu NeuroRehabilitacji Funkcjonalnej<\/td>\n<\/tr>\n<tr>\n<td width=\"113\"><strong>16.00 \u2013 16.30<\/strong><\/td>\n<td width=\"491\">Przerwa kawowa<\/td>\n<\/tr>\n<tr>\n<td width=\"113\"><strong>16.30 \u2013 18.30 <\/strong><\/td>\n<td width=\"491\">Pr\u00f3by kliniczne \u2013 co mo\u017cemy zrobi\u0107 lepiej?<\/p>\n<p>&nbsp;<\/td>\n<\/tr>\n<\/tbody>\n<\/table>\n<p><strong>\u00a0<\/strong><\/p>\n<p><strong>Sobota 6 lipca<\/strong><\/p>\n<table>\n<tbody>\n<tr>\n<td width=\"113\"><strong>10.00 \u2013 11.30<\/strong><\/td>\n<td width=\"491\">Ortopedyczna Funkcjonalna Rehabilitacja \u2013 podstawy i za\u0142o\u017cenia<\/td>\n<\/tr>\n<tr>\n<td width=\"113\"><strong>11.30 \u2013 12.00<\/strong><\/td>\n<td width=\"491\">Przerwa kawowa<\/td>\n<\/tr>\n<tr>\n<td width=\"113\"><strong>12.00 \u2013 13.30<\/strong><\/td>\n<td width=\"491\">Metody terapeutyczne wspieraj\u0105ce remodulacj\u0119 mi\u0119\u015bniow\u0105<\/td>\n<\/tr>\n<tr>\n<td width=\"113\"><strong>13.30 \u2013 14.30<\/strong><\/td>\n<td width=\"491\">Lunch<\/td>\n<\/tr>\n<tr>\n<td width=\"113\"><strong>14.30 \u2013 16.00<\/strong><\/td>\n<td width=\"491\">Psy sportowe uprawiaj\u0105ce Agility \u2013 z perspektywy neurologicznej<\/td>\n<\/tr>\n<tr>\n<td width=\"113\"><strong>16.00 \u2013 16.30<\/strong><\/td>\n<td width=\"491\">Przerwa kawowa<\/td>\n<\/tr>\n<tr>\n<td width=\"113\"><strong>16.30 \u2013 18.30<\/strong><\/td>\n<td width=\"491\">Przypadki kliniczne \u2013 pacjenci z problemami o pod\u0142o\u017cu ortopedycznym i psy sportowe<\/td>\n<\/tr>\n<\/tbody>\n<\/table>\n<p><strong>Niedziela 7 lipca<\/strong><\/p>\n<table>\n<tbody>\n<tr>\n<td width=\"113\">9.30 \u2013 10.30<\/td>\n<td width=\"491\">Przypadki kliniczne \u2013 jak do nich podej\u015b\u0107?<\/p>\n<p>Praca w grupach \u2013 \u0107wiczenia praktyczne<\/p>\n<p>Dyskusja<\/td>\n<\/tr>\n<tr>\n<td width=\"113\">10.30 \u2013 11.00<\/td>\n<td width=\"491\">Przerwa kawowa<\/td>\n<\/tr>\n<tr>\n<td width=\"113\">11.00 \u2013 12.30<\/td>\n<td width=\"491\">Przypadki kliniczne \u2013 jak do nich podej\u015b\u0107?<\/p>\n<p>Praca w grupach \u2013 \u0107wiczenia praktyczne<\/p>\n<p>Dyskusja<\/td>\n<\/tr>\n<tr>\n<td width=\"113\">12.30 \u2013 13.30<\/td>\n<td width=\"491\">Lunch<\/td>\n<\/tr>\n<tr>\n<td width=\"113\">13.30 \u2013 14.30<\/td>\n<td width=\"491\">\u0106wiczenia praktyczne na pacjentach<\/td>\n<\/tr>\n<\/tbody>\n<\/table>\n<p><strong>\u00a0<\/strong><\/p>\n<p><a href=\"https:\/\/zoofizjoterapia.edu.pl\/wp-content\/uploads\/2019\/04\/Formularz_zgloszeniowy_seminarium.docx\"><strong>FORMULARZ ZG\u0141OSZENIOWY (plik do pobrania)<\/strong><\/a><\/p>\n<p><strong>Zg\u0142oszenia\u00a0wy\u0142\u0105cznie drog\u0105 mailow\u0105,\u00a0<\/strong>prosimy kierowa\u0107 na adres:\u00a0<a href=\"http:\/\/mailto:rekrutacja@zoofizjoterapia.edu.pl\/\">rekrutacja@zoofizjoterapia.edu.pl<\/a><strong>\u00a0<\/strong><\/p>\n<p><strong>Koszt udzia\u0142u:<\/strong><\/p>\n<p><strong>Koszty udzia\u0142u s\u0105 uzale\u017cnione od wybranej opcji:<\/strong><\/p>\n<ol>\n<li><strong>Czwartek \u2013 pi\u0105tek<\/strong><\/li>\n<li><strong>Sobota \u2013 niedziela<\/strong><\/li>\n<li><strong>Czwartek \u2013 niedziela <\/strong><\/li>\n<\/ol>\n<table>\n<tbody>\n<tr>\n<td rowspan=\"2\" width=\"201\"><\/td>\n<td colspan=\"2\" width=\"201\"><strong>Przy zg\u0142oszeniu i wniesieniu op\u0142aty do 20.05 <\/strong><\/td>\n<td colspan=\"2\" width=\"201\"><strong>Przy zg\u0142oszeniu po 20.05<\/strong><\/p>\n<p><strong>\u00a0<\/strong><\/td>\n<\/tr>\n<tr>\n<td width=\"101\"><strong>2 dni<\/strong> (czwartek-pi\u0105tek lub sobota-niedziela)<\/td>\n<td width=\"101\"><strong>4 dni<\/strong> (czwartek-niedziela)<\/td>\n<td width=\"101\"><strong>2 dni<\/strong> (czwartek-pi\u0105tek lub sobota-niedziela)<\/td>\n<td width=\"101\"><strong>4 dni<\/strong> (czwartek-niedziela)<\/td>\n<\/tr>\n<tr>\n<td width=\"201\"><strong>Cz\u0142onkowie PZZ, absolwenci SFZ<\/strong><\/td>\n<td width=\"101\">1000<\/td>\n<td width=\"101\">1850<\/td>\n<td width=\"101\">1100<\/td>\n<td width=\"101\">2000<\/td>\n<\/tr>\n<tr>\n<td width=\"201\"><strong>Pozostali<\/strong><\/td>\n<td width=\"101\">1100<\/td>\n<td width=\"101\">1950<\/td>\n<td width=\"101\">1200<\/td>\n<td width=\"101\">2100<\/td>\n<\/tr>\n<\/tbody>\n<\/table>\n<p><strong>\u00a0<\/strong><\/p>\n<p><strong>Cena obejmuje:\u00a0<\/strong>udzia\u0142 w seminarium w wybranych dniach (w zale\u017cno\u015bci od wybranej opcji), materia\u0142y, przerwy kawowe\u00a0 oraz lunch w wybranych dniach<\/p>\n<p><strong>Cena nie obejmuje:\u00a0<\/strong>zakwaterowanie oraz pozosta\u0142e wy\u017cywienie<\/p>\n<p><strong>Poprzez zg\u0142oszenie rozumie si\u0119 wype\u0142nienie formularza zg\u0142oszeniowego oraz wniesienie stosownej op\u0142aty w ci\u0105gu 7 dni\u00a0<\/strong>na podany poni\u017cej numer konta z dopiskiem \u201eSeminarium Neuro-Rehabilitacja Funkcjonalna Wroc\u0142aw, imi\u0119 i nazwisko uczestnika oraz opcja (podanie dok\u0142adnych dni)\u201d.<\/p>\n<p><strong>Przy zg\u0142oszeniu na opcj\u0119 dwudniow\u0105 ca\u0142kowity koszt szkolenia nale\u017cy zrealizowa\u0107 w jednym przelewie, nie przewidujemy rozbicia p\u0142atno\u015bci na raty.<\/strong><\/p>\n<p><strong>Przy zg\u0142oszeniu na opcj\u0119 czterodniow\u0105 koszt szkolenia mo\u017ce by\u0107 zrealizowany w dw\u00f3ch r\u00f3wnych ratach: pierwsza wp\u0142ata w terminie 7 dni od daty zg\u0142oszenia, druga rata w przeci\u0105gu miesi\u0105ca, nie p\u00f3\u017aniej jednak ni\u017c do 20.06.2019.<\/strong><\/p>\n<p><strong>Uwaga! Nie b\u0119dzie mo\u017cliwo\u015bci zmiany danych do faktury po jej wystawieniu!<\/strong><\/p>\n<p><strong>Dane do przelewu:<\/strong><\/p>\n<p>Studium Fizjoterapii Zwierz\u0105t sp. Z o. o.<\/p>\n<p>75 2490 0005 0000 4500 1719 2860<\/p>\n<p>Szymanowice 14<\/p>\n<p>55-311 Kostom\u0142oty<\/p>\n<p><strong>Do zobaczenia we Wroc\u0142awiu!!!<\/strong><\/p>\n","protected":false},"excerpt":{"rendered":"<p>&nbsp; Neuro-Rehabilitacja Funkcjonalna vol. 3, nowy program! Seminarium dla Zoofizjoterapeut\u00f3w (4-7 lipca, Wroc\u0142aw) Termin:\u00a04-7 lipca 2019 Miejsce:\u00a0Hotel Novotel Wroc\u0142aw City, ul. Wy\u015bcigowa 35, Wroc\u0142aw https:\/\/www.accorhotels.com\/pl\/hotel-0528-novotel-wroclaw-city\/index.shtml Uwaga!!! Dla uczestnik\u00f3w szkolenia specjalne [&hellip;]<\/p>\n","protected":false},"author":1,"featured_media":4258,"comment_status":"closed","ping_status":"closed","sticky":false,"template":"","format":"standard","meta":{"footnotes":""},"categories":[118],"tags":[],"class_list":["post-4257","post","type-post","status-publish","format-standard","has-post-thumbnail","hentry","category-wydarzenia"],"_links":{"self":[{"href":"http:\/\/new.zoofizjoterapia.edu.pl\/index.php\/wp-json\/wp\/v2\/posts\/4257","targetHints":{"allow":["GET"]}}],"collection":[{"href":"http:\/\/new.zoofizjoterapia.edu.pl\/index.php\/wp-json\/wp\/v2\/posts"}],"about":[{"href":"http:\/\/new.zoofizjoterapia.edu.pl\/index.php\/wp-json\/wp\/v2\/types\/post"}],"author":[{"embeddable":true,"href":"http:\/\/new.zoofizjoterapia.edu.pl\/index.php\/wp-json\/wp\/v2\/users\/1"}],"replies":[{"embeddable":true,"href":"http:\/\/new.zoofizjoterapia.edu.pl\/index.php\/wp-json\/wp\/v2\/comments?post=4257"}],"version-history":[{"count":0,"href":"http:\/\/new.zoofizjoterapia.edu.pl\/index.php\/wp-json\/wp\/v2\/posts\/4257\/revisions"}],"wp:featuredmedia":[{"embeddable":true,"href":"http:\/\/new.zoofizjoterapia.edu.pl\/index.php\/wp-json\/"}],"wp:attachment":[{"href":"http:\/\/new.zoofizjoterapia.edu.pl\/index.php\/wp-json\/wp\/v2\/media?parent=4257"}],"wp:term":[{"taxonomy":"category","embeddable":true,"href":"http:\/\/new.zoofizjoterapia.edu.pl\/index.php\/wp-json\/wp\/v2\/categories?post=4257"},{"taxonomy":"post_tag","embeddable":true,"href":"http:\/\/new.zoofizjoterapia.edu.pl\/index.php\/wp-json\/wp\/v2\/tags?post=4257"}],"curies":[{"name":"wp","href":"https:\/\/api.w.org\/{rel}","templated":true}]}}